{"id":3447,"date":"2023-03-08T00:32:16","date_gmt":"2023-03-07T23:32:16","guid":{"rendered":"https:\/\/svkettwig07.de\/?p=3447"},"modified":"2023-03-08T00:33:51","modified_gmt":"2023-03-07T23:33:51","slug":"einladung-zur-jvv-2023","status":"publish","type":"post","link":"https:\/\/svkettwig07.de\/en\/2023\/03\/08\/einladung-zur-jvv-2023\/","title":{"rendered":"Einladung zur JVV 2023"},"content":{"rendered":"<p>Liebe Kinder und Jugendlichen, liebe Vorstandsmitglieder,<\/p>\n<p>am 22.3.2023 findet die Jugendvollversammlung bei uns im Vereinsheim statt. Hier k\u00f6nnen alle Kinder und Jugendlichen bis zur Vollendung des 18. Lebensjahres dazukommen und die Jugend im Alter von 9-18 Jahren darf den\/die Jugendwart\/in und den Jugendausschuss w\u00e4hlen, die Eure Interessen im Vorstand vertreten und sich um Veranstaltungen au\u00dferhalb des Trainingsbetriebs k\u00fcmmern! Die Einzelheiten k\u00f6nnt Ihr in der Einladung nachlesen!<\/p>\n<p>Wir w\u00fcrden uns sehr freuen, wenn Ihr zahlreich erscheint!<\/p>\n<p><strong>Das Training in der ersten Stunde 17:00-17:45 Uhr wird wie gewohnt stattfinden, die zweite Stunde um 17:45-18:30 Uhr entf\u00e4llt und das Training der Wettkampfmannschaften wird im Anschluss an die Sitzung durchgef\u00fchrt!<\/strong><\/p>\n<p>Mit jugendlichen Gr\u00fc\u00dfen,<\/p>\n<p>Euer Jugendausschuss des SVK 07 e.V.<\/p>\n<p>PS: Die Einladung gilt nat\u00fcrlich f\u00fcr Mitglieder des Vereins. Solltet ihr diese Mail bekommen haben, aber noch keinen Mitgliedsantrag ausgef\u00fcllt eingereicht haben, ist dies die Information f\u00fcr Euch, dass das Training in der zweiten Stunde nicht stattfindet!<\/p>\n\n\n<div class=\"wp-block-buttons is-layout-flex wp-block-buttons-is-layout-flex\">\n<div class=\"wp-block-button aligncenter\"><a class=\"wp-block-button__link has-white-color has-vivid-green-cyan-background-color has-text-color has-background wp-element-button\" href=\"https:\/\/svkettwig07.de\/wp-content\/uploads\/2023\/03\/Einladung-JVV-2023.pdf\" style=\"border-radius:7px\" target=\"_blank\" rel=\"noreferrer noopener\"><strong>Einladung<\/strong><\/a><\/div>\n<\/div>","protected":false},"excerpt":{"rendered":"<p>Liebe Kinder und Jugendlichen, liebe Vorstandsmitglieder, am 22.3.2023 findet die Jugendvollversammlung bei uns im Vereinsheim statt. Hier k\u00f6nnen alle Kinder und Jugendlichen bis zur Vollendung des 18. Lebensjahres dazukommen und die Jugend im Alter von 9-18 Jahren darf den\/die Jugendwart\/in und den Jugendausschuss w\u00e4hlen, die Eure Interessen im Vorstand vertreten und sich um Veranstaltungen au\u00dferhalb [&hellip;]<\/p>\n","protected":false},"author":2,"featured_media":0,"comment_status":"closed","ping_status":"closed","sticky":false,"template":"","format":"standard","meta":{"site-sidebar-layout":"default","site-content-layout":"","ast-site-content-layout":"default","site-content-style":"default","site-sidebar-style":"default","ast-global-header-display":"","ast-banner-title-visibility":"","ast-main-header-display":"","ast-hfb-above-header-display":"","ast-hfb-below-header-display":"","ast-hfb-mobile-header-display":"","site-post-title":"","ast-breadcrumbs-content":"","ast-featured-img":"","footer-sml-layout":"","ast-disable-related-posts":"","theme-transparent-header-meta":"","adv-header-id-meta":"","stick-header-meta":"","header-above-stick-meta":"","header-main-stick-meta":"","header-below-stick-meta":"","astra-migrate-meta-layouts":"default","ast-page-background-enabled":"default","ast-page-background-meta":{"desktop":{"background-color":"var(--ast-global-color-4)","background-image":"","background-repeat":"repeat","background-position":"center center","background-size":"auto","background-attachment":"scroll","background-type":"","background-media":"","overlay-type":"","overlay-color":"","overlay-opacity":"","overlay-gradient":""},"tablet":{"background-color":"","background-image":"","background-repeat":"repeat","background-position":"center center","background-size":"auto","background-attachment":"scroll","background-type":"","background-media":"","overlay-type":"","overlay-color":"","overlay-opacity":"","overlay-gradient":""},"mobile":{"background-color":"","background-image":"","background-repeat":"repeat","background-position":"center center","background-size":"auto","background-attachment":"scroll","background-type":"","background-media":"","overlay-type":"","overlay-color":"","overlay-opacity":"","overlay-gradient":""}},"ast-content-background-meta":{"desktop":{"background-color":"var(--ast-global-color-5)","background-image":"","background-repeat":"repeat","background-position":"center center","background-size":"auto","background-attachment":"scroll","background-type":"","background-media":"","overlay-type":"","overlay-color":"","overlay-opacity":"","overlay-gradient":""},"tablet":{"background-color":"var(--ast-global-color-5)","background-image":"","background-repeat":"repeat","background-position":"center center","background-size":"auto","background-attachment":"scroll","background-type":"","background-media":"","overlay-type":"","overlay-color":"","overlay-opacity":"","overlay-gradient":""},"mobile":{"background-color":"var(--ast-global-color-5)","background-image":"","background-repeat":"repeat","background-position":"center center","background-size":"auto","background-attachment":"scroll","background-type":"","background-media":"","overlay-type":"","overlay-color":"","overlay-opacity":"","overlay-gradient":""}},"footnotes":""},"categories":[16],"tags":[],"class_list":["post-3447","post","type-post","status-publish","format-standard","hentry","category-jugendausschuss"],"_links":{"self":[{"href":"https:\/\/svkettwig07.de\/en\/wp-json\/wp\/v2\/posts\/3447","targetHints":{"allow":["GET"]}}],"collection":[{"href":"https:\/\/svkettwig07.de\/en\/wp-json\/wp\/v2\/posts"}],"about":[{"href":"https:\/\/svkettwig07.de\/en\/wp-json\/wp\/v2\/types\/post"}],"author":[{"embeddable":true,"href":"https:\/\/svkettwig07.de\/en\/wp-json\/wp\/v2\/users\/2"}],"replies":[{"embeddable":true,"href":"https:\/\/svkettwig07.de\/en\/wp-json\/wp\/v2\/comments?post=3447"}],"version-history":[{"count":2,"href":"https:\/\/svkettwig07.de\/en\/wp-json\/wp\/v2\/posts\/3447\/revisions"}],"predecessor-version":[{"id":3449,"href":"https:\/\/svkettwig07.de\/en\/wp-json\/wp\/v2\/posts\/3447\/revisions\/3449"}],"wp:attachment":[{"href":"https:\/\/svkettwig07.de\/en\/wp-json\/wp\/v2\/media?parent=3447"}],"wp:term":[{"taxonomy":"category","embeddable":true,"href":"https:\/\/svkettwig07.de\/en\/wp-json\/wp\/v2\/categories?post=3447"},{"taxonomy":"post_tag","embeddable":true,"href":"https:\/\/svkettwig07.de\/en\/wp-json\/wp\/v2\/tags?post=3447"}],"curies":[{"name":"wp","href":"https:\/\/api.w.org\/{rel}","templated":true}]}}