{"id":3537,"date":"2023-04-11T08:25:00","date_gmt":"2023-04-11T06:25:00","guid":{"rendered":"https:\/\/svkettwig07.de\/?p=3537"},"modified":"2024-03-20T01:47:09","modified_gmt":"2024-03-20T00:47:09","slug":"einladung-jhv-2023","status":"publish","type":"post","link":"https:\/\/svkettwig07.de\/en\/2023\/04\/11\/einladung-jhv-2023\/","title":{"rendered":"Einladung JHV 2023"},"content":{"rendered":"<div class=\"entry-content clear\">\n<p><strong><a href=\"https:\/\/svkettwig07.de\/wp-content\/uploads\/2023\/04\/Einladung-JHV-2023.pdf\" target=\"_blank\" rel=\"noopener\">Einladung<\/a> zur Mitgliederversammlung 2023 des SV Kettwig 07 e. V. f\u00fcr Dienstag, 25.04.2023, 19:00 Uhr auf dem Vereinsgel\u00e4nde<\/strong><\/p>\n<hr \/>\n<p>Eingeladen sind alle gem. \u00a7 9 unserer Satzung stimmberechtigten Mitglieder (ab vollendetem 16. Lebensjahr).<\/p>\n<hr \/>\n<p><strong>Tagesordnung<\/strong><\/p>\n<ol>\n<li>Begr\u00fc\u00dfung und Er\u00f6ffnung der Mitgliederversammlung<\/li>\n<li>Feststellung der Stimmzahlberechtigten<\/li>\n<li>Bericht des gesch\u00e4ftsf\u00fchrenden Vorstandes<\/li>\n<li>Bericht der Warte<\/li>\n<li>Bericht der Kassenpr\u00fcfer<\/li>\n<li>Antr\u00e4ge<\/li>\n<li>Wahl des Versammlungsleiters<\/li>\n<li>Entlastung des Vorstandes und der Warte<\/li>\n<li>Wahlen<br \/><span id=\"page3R_mcid10\" class=\"markedContent\"><span dir=\"ltr\" role=\"presentation\">2<\/span><span dir=\"ltr\" role=\"presentation\">. Vorsi<\/span><span dir=\"ltr\" role=\"presentation\">tzende\/r,<\/span> <span dir=\"ltr\" role=\"presentation\">2<\/span><span dir=\"ltr\" role=\"presentation\">. Schriftf\u00fchrer\/in,<\/span> <span dir=\"ltr\" role=\"presentation\">2<\/span><span dir=\"ltr\" role=\"presentation\">.<\/span> <span dir=\"ltr\" role=\"presentation\">Kassenwart\/in,<\/span> <span dir=\"ltr\" role=\"presentation\">Frauenwart\/in<\/span><span dir=\"ltr\" role=\"presentation\">,<\/span> <span dir=\"ltr\" role=\"presentation\">Ger\u00e4tew<\/span><span dir=\"ltr\" role=\"presentation\">art\/in<\/span><span dir=\"ltr\" role=\"presentation\">,<\/span><br role=\"presentation\" \/><span dir=\"ltr\" role=\"presentation\">Pressew<\/span><span dir=\"ltr\" role=\"presentation\">art\/i<\/span><span dir=\"ltr\" role=\"presentation\">n<\/span><span dir=\"ltr\" role=\"presentation\">, Fachwart\/in f\u00fcr Breitensport<\/span> <span dir=\"ltr\" role=\"presentation\">und<\/span> <span dir=\"ltr\" role=\"presentation\">ggf. Erg\u00e4nzungswahlen<\/span><\/span><\/li>\n<li>Genehmigung Haushalt 2023 \u2013 Wahl der Kassenpr\u00fcfer\/innen<\/li>\n<li>Satzungs\u00e4nderung<\/li>\n<li>Veranstaltungen und Termine 2023<\/li>\n<li>Verschiedenes<\/li>\n<\/ol>\n<hr \/>\n<p>Antr\u00e4ge zur Mitgliederversammlung sind sp\u00e4testens 2 Tage vor Beginn der Versammlung schriftlich mit Begr\u00fcndung bei dem Vorsitzenden einzureichen.<\/p>\n<p>Mit sportlichem Gru\u00df,<br \/>gez. Axel Luxen gez. Hannelore Schwarz<br \/>\u2013 1. Vorsitzender \u2013 \u2013 1.Kassenwartin<\/p>\n<\/div>\n\n\n<p><\/p>\n\n\n\n<div class=\"wp-block-buttons is-content-justification-center is-layout-flex wp-container-core-buttons-is-layout-a89b3969 wp-block-buttons-is-layout-flex\">\n<div class=\"wp-block-button\"><a class=\"wp-block-button__link has-vivid-green-cyan-background-color has-background wp-element-button\" href=\"https:\/\/svkettwig07.de\/wp-content\/uploads\/2023\/04\/Einladung-JHV-2023.pdf\" style=\"border-radius:7px\" target=\"_blank\" rel=\"noreferrer noopener\"><strong>Einladung JHV 2023<\/strong><\/a><\/div>\n\n\n\n<div class=\"wp-block-button\"><a class=\"wp-block-button__link has-vivid-green-cyan-background-color has-background wp-element-button\" href=\"https:\/\/svkettwig07.de\/wp-content\/uploads\/2023\/04\/Satzungsaenderung_2023.pdf\" style=\"border-radius:7px\" target=\"_blank\" rel=\"noreferrer noopener\"><strong>Satzungs\u00e4nderung 2023<\/strong><\/a><\/div>\n<\/div>","protected":false},"excerpt":{"rendered":"<p>Einladung zur Mitgliederversammlung 2023 des SV Kettwig 07 e. V. f\u00fcr Dienstag, 25.04.2023, 19:00 Uhr auf dem Vereinsgel\u00e4nde Eingeladen sind alle gem. \u00a7 9 unserer Satzung stimmberechtigten Mitglieder (ab vollendetem 16. Lebensjahr). Tagesordnung Begr\u00fc\u00dfung und Er\u00f6ffnung der Mitgliederversammlung Feststellung der Stimmzahlberechtigten Bericht des gesch\u00e4ftsf\u00fchrenden Vorstandes Bericht der Warte Bericht der Kassenpr\u00fcfer Antr\u00e4ge Wahl des Versammlungsleiters [&hellip;]<\/p>\n","protected":false},"author":2,"featured_media":0,"comment_status":"closed","ping_status":"closed","sticky":false,"template":"","format":"standard","meta":{"site-sidebar-layout":"default","site-content-layout":"","ast-site-content-layout":"default","site-content-style":"default","site-sidebar-style":"default","ast-global-header-display":"","ast-banner-title-visibility":"","ast-main-header-display":"","ast-hfb-above-header-display":"","ast-hfb-below-header-display":"","ast-hfb-mobile-header-display":"","site-post-title":"","ast-breadcrumbs-content":"","ast-featured-img":"","footer-sml-layout":"","ast-disable-related-posts":"","theme-transparent-header-meta":"","adv-header-id-meta":"","stick-header-meta":"","header-above-stick-meta":"","header-main-stick-meta":"","header-below-stick-meta":"","astra-migrate-meta-layouts":"set","ast-page-background-enabled":"default","ast-page-background-meta":{"desktop":{"background-color":"var(--ast-global-color-4)","background-image":"","background-repeat":"repeat","background-position":"center center","background-size":"auto","background-attachment":"scroll","background-type":"","background-media":"","overlay-type":"","overlay-color":"","overlay-opacity":"","overlay-gradient":""},"tablet":{"background-color":"","background-image":"","background-repeat":"repeat","background-position":"center center","background-size":"auto","background-attachment":"scroll","background-type":"","background-media":"","overlay-type":"","overlay-color":"","overlay-opacity":"","overlay-gradient":""},"mobile":{"background-color":"","background-image":"","background-repeat":"repeat","background-position":"center center","background-size":"auto","background-attachment":"scroll","background-type":"","background-media":"","overlay-type":"","overlay-color":"","overlay-opacity":"","overlay-gradient":""}},"ast-content-background-meta":{"desktop":{"background-color":"var(--ast-global-color-5)","background-image":"","background-repeat":"repeat","background-position":"center center","background-size":"auto","background-attachment":"scroll","background-type":"","background-media":"","overlay-type":"","overlay-color":"","overlay-opacity":"","overlay-gradient":""},"tablet":{"background-color":"var(--ast-global-color-5)","background-image":"","background-repeat":"repeat","background-position":"center center","background-size":"auto","background-attachment":"scroll","background-type":"","background-media":"","overlay-type":"","overlay-color":"","overlay-opacity":"","overlay-gradient":""},"mobile":{"background-color":"var(--ast-global-color-5)","background-image":"","background-repeat":"repeat","background-position":"center center","background-size":"auto","background-attachment":"scroll","background-type":"","background-media":"","overlay-type":"","overlay-color":"","overlay-opacity":"","overlay-gradient":""}},"footnotes":""},"categories":[23],"tags":[],"class_list":["post-3537","post","type-post","status-publish","format-standard","hentry","category-vorstand"],"_links":{"self":[{"href":"https:\/\/svkettwig07.de\/en\/wp-json\/wp\/v2\/posts\/3537","targetHints":{"allow":["GET"]}}],"collection":[{"href":"https:\/\/svkettwig07.de\/en\/wp-json\/wp\/v2\/posts"}],"about":[{"href":"https:\/\/svkettwig07.de\/en\/wp-json\/wp\/v2\/types\/post"}],"author":[{"embeddable":true,"href":"https:\/\/svkettwig07.de\/en\/wp-json\/wp\/v2\/users\/2"}],"replies":[{"embeddable":true,"href":"https:\/\/svkettwig07.de\/en\/wp-json\/wp\/v2\/comments?post=3537"}],"version-history":[{"count":4,"href":"https:\/\/svkettwig07.de\/en\/wp-json\/wp\/v2\/posts\/3537\/revisions"}],"predecessor-version":[{"id":5594,"href":"https:\/\/svkettwig07.de\/en\/wp-json\/wp\/v2\/posts\/3537\/revisions\/5594"}],"wp:attachment":[{"href":"https:\/\/svkettwig07.de\/en\/wp-json\/wp\/v2\/media?parent=3537"}],"wp:term":[{"taxonomy":"category","embeddable":true,"href":"https:\/\/svkettwig07.de\/en\/wp-json\/wp\/v2\/categories?post=3537"},{"taxonomy":"post_tag","embeddable":true,"href":"https:\/\/svkettwig07.de\/en\/wp-json\/wp\/v2\/tags?post=3537"}],"curies":[{"name":"wp","href":"https:\/\/api.w.org\/{rel}","templated":true}]}}